{"id":10312,"date":"2018-04-10T12:28:00","date_gmt":"2018-04-10T12:28:00","guid":{"rendered":"https:\/\/dev-kiwoko-es.on-dev.com\/blogmundoanimal\/famas-fest-kiwoko-participa-festival-de-familias-con-mascotas\/"},"modified":"2023-09-11T13:58:56","modified_gmt":"2023-09-11T11:58:56","slug":"famas-fest-kiwoko-participa-festival-de-familias-con-mascotas","status":"publish","type":"post","link":"https:\/\/www.kiwoko.com\/blogmundoanimal\/famas-fest-kiwoko-participa-festival-de-familias-con-mascotas\/","title":{"rendered":"Famas Fest: de fiesta en el primer festival de familias con mascotas"},"content":{"rendered":"<img decoding=\"async\" title=\"Fama Fest: de fiesta en el primer festival de familias con mascotas\" data-src=\"https:\/\/www.kiwoko.com\/media\/wysiwyg\/cabecera-fama-fest-2018-02.jpg\" alt=\"Fama Fest: de fiesta en el primer festival de familias con mascotas\" width=\"100%\" height=\"auto\" src=\"data:image\/svg+xml;base64,PHN2ZyB3aWR0aD0iMSIgaGVpZ2h0PSIxIiB4bWxucz0iaHR0cDovL3d3dy53My5vcmcvMjAwMC9zdmciPjwvc3ZnPg==\" class=\"lazyload\">\n<div class=\"row\" style=\"margin-bottom: 15px; margin-top: 25px;\">\n<div class=\"page-main-content col-md-12\">\n\nAmigos de <strong>Valencia y alrededores<\/strong>, algo muy m\u00e1gico est\u00e1 a punto de suceder en vuestra zona. Existen festivales de todo tipo, de m\u00fasica, de teatro, gastron\u00f3micos \u2026 Pero hasta ahora no hab\u00eda nada pensado para las<strong> familias y las mascotas<\/strong>. Y Kiwoko, por supuesto que no se iba a perder este primer festival celebrado en Europa.\n<h2>Kiwoko en Famas Fest: qu\u00e9, cu\u00e1ndo y c\u00f3mo<\/h2>\n\u00a1Voil\u00e1! Marca en tu agenda el <strong>14 y 15 de abril<\/strong> para asistir a este evento en los <strong>Jardines de Viveros de Valencia<\/strong> (C\/ Bot\u00e1nico Cavanilles, 17).\n\n<a title=\"Kiwoko\" href=\"https:\/\/www.kiwoko.com\" target=\"_blank\" rel=\"noopener noreferrer\"><strong>Kiwoko<\/strong> <\/a>estar\u00e1 presente estas dos jornadas tan especiales en un <strong>espacio de ocio con actividades l\u00fadicas<\/strong> para que pod\u00e1is disfrutar de forma conjunta vosotros y vuestro mejor amigo. \u00bfOs apunt\u00e1is?\n\nP\u00e1sate por el <em>stand<\/em> de Kiwoko donde podr\u00e1s encontrar:\n<ul style=\"margin-left: 25px;\">\n \t<li style=\"list-style-type: disc !important;\">Pintacaras para los ni\u00f1os.<\/li>\n \t<li style=\"list-style-type: disc !important;\">Sorteos de vales de 50\u20ac por compartir tu foto con el hashtag <strong>#KiwokoFamasFest<\/strong> en el recinto.<\/li>\n \t<li style=\"list-style-type: disc !important;\">Piscina de bolas.<\/li>\n \t<li style=\"list-style-type: disc !important;\">Descuento de 10\u20ac por compras m\u00ednimas de 30\u20ac en nuestras tiendas.<\/li>\n \t<li style=\"list-style-type: disc !important;\">Premios sorpresa.<\/li>\n \t<li style=\"list-style-type: disc !important;\">\u00a1Y mucho m\u00e1s!<\/li>\n<\/ul>\n\u00bfTu perro es demasiado travieso? \u00bfQuieres ense\u00f1arle trucos? Nuestro <strong>personal experto en animales<\/strong> estar\u00e1 en la <strong>zona de charlas y din\u00e1micas<\/strong> de grupo para ense\u00f1arte y ayudarte a conocer mejor a tu mejor amigo. Se tratar\u00e1n temas de <strong>obediencia<\/strong>,<strong> adiestramiento<\/strong>,<strong> la responsabilidad de tener una mascota<\/strong>, etc.\n\nRecuerda que nos puedes encontrar tambi\u00e9n en nuestras tiendas y las cl\u00ednicas veterinarias Kivet en la provincia de Valencia.\n\n<\/div>\n<\/div>\n<a title=\"Tiendas Kiwoko en Valencia\" href=\"https:\/\/www.kiwoko.com\/tiendas.html\" target=\"_blank\" rel=\"noopener noreferrer\"><img decoding=\"async\" title=\"Tiendas Kiwoko en Valencia\" data-src=\"https:\/\/www.kiwoko.com\/media\/wysiwyg\/infografia-FAMAS-valencia-2018.png\" alt=\"Tiendas Kiwoko en Valencia\" width=\"100%\" height=\"auto\" src=\"data:image\/svg+xml;base64,PHN2ZyB3aWR0aD0iMSIgaGVpZ2h0PSIxIiB4bWxucz0iaHR0cDovL3d3dy53My5vcmcvMjAwMC9zdmciPjwvc3ZnPg==\" class=\"lazyload\"><\/a>\n<div class=\"row\" style=\"margin-bottom: 15px; margin-top: 25px;\">\n<div class=\"page-main-content col-md-6\">\n<ul style=\"margin-left: 25px;\">\n \t<li style=\"list-style-type: disc !important;\"><a title=\"Kiwoko Calle Conde de Salvatierra\" href=\"https:\/\/www.kiwoko.com\/tiendas\/kiwoko-salvatierra.html\" target=\"_blank\" rel=\"noopener noreferrer\"><strong>C\/ Conde de Salvatierra de Alava, 7<\/strong><\/a><\/li>\n \t<li style=\"list-style-type: disc !important;\"><a title=\"Kiwoko C.C. Ademuz\" href=\"https:\/\/www.kiwoko.com\/tiendas\/kiwoko-c-c-ademuz.html\" target=\"_blank\" rel=\"noopener noreferrer\"><strong>C.C. Ademuz<\/strong><\/a><\/li>\n \t<li style=\"list-style-type: disc !important;\"><a title=\"Kiwoko P.C. Alfarfar\" href=\"https:\/\/www.kiwoko.com\/tiendas\/kiwoko-p-c-alfafar.html\" target=\"_blank\" rel=\"noopener noreferrer\"><strong>P.C. Alfafar<\/strong> <\/a><\/li>\n \t<li style=\"list-style-type: disc !important;\"><a title=\"Kiwoko C.C. Arena Multiespacio\" href=\"https:\/\/www.kiwoko.com\/tiendas\/kiwoko-c-c-arena-multiespacio.html\" target=\"_blank\" rel=\"noopener noreferrer\"><strong>C.C. Arena Multiespacio<\/strong><\/a><\/li>\n \t<li style=\"list-style-type: disc !important;\"><a title=\"Kiwoko P.C. Bonaire\" href=\"https:\/\/www.kiwoko.com\/tiendas\/kiwoko-p-c-bonaire.html\" target=\"_blank\" rel=\"noopener noreferrer\"><strong>P.C. Bonaire<\/strong><\/a><\/li>\n<\/ul>\n<\/div>\n<div class=\"page-main-content col-md-6\">\n<ul style=\"margin-left: 25px;\">\n \t<li style=\"list-style-type: disc !important;\"><a title=\"Kiwoko P.C. El Manar\" href=\"https:\/\/www.kiwoko.com\/tiendas\/kiwoko-p-c-el-manar.html\" target=\"_blank\" rel=\"noopener noreferrer\"><strong>P.C. El Manar<\/strong> <\/a><\/li>\n \t<li style=\"list-style-type: disc !important;\"><a title=\"Kiwoko P.C. El Osito Park\" href=\"https:\/\/www.kiwoko.com\/tiendas\/kiwoko-p-c-el-osito-park.html\" target=\"_blank\" rel=\"noopener noreferrer\"><strong>P.C. El Osito Park<\/strong> <\/a><\/li>\n \t<li style=\"list-style-type: disc !important;\"><a title=\"P.C. Ribera del X\u00faquer\" href=\"https:\/\/www.kiwoko.com\/tiendas\/kiwoko-p-c-ribera-del-xuquer.html\" target=\"_blank\" rel=\"noopener noreferrer\"><strong>P.C. Ribera del X\u00faquer<\/strong><\/a><\/li>\n \t<li style=\"list-style-type: disc !important;\"><a title=\"P.C. La Vila, X\u00e1tiva\" href=\"https:\/\/www.kiwoko.com\/tiendas\/kiwoko-p-c-la-vila.html\" target=\"_blank\" rel=\"noopener noreferrer\"><strong>P.C. La Vila, X\u00e1tiva<\/strong><\/a><\/li>\n \t<li style=\"list-style-type: disc !important;\"><a title=\"Kiwoko P.C. Myo Gand\u00eda\" href=\"https:\/\/www.kiwoko.com\/tiendas\/kiwoko-p-c-myo-gandia.html\" target=\"_blank\" rel=\"noopener noreferrer\"><strong>P.C. Myo Gandia<\/strong> <\/a><\/li>\n<\/ul>\n<\/div>\n<\/div>\nAdem\u00e1s y tambi\u00e9n muy importante, al comprar tu entrada estar\u00e1s contribuyendo con un <strong>1\u20ac de donativo<\/strong> para la protectora Modepran, amigos con los que colaboramos activamente desde Kiwoko en Valencia. El objetivo de esta donaci\u00f3n es el de afrontar la atenci\u00f3n veterinaria en los refugios de Benim\u00e1met, Paterna y Carlet, donde atienden a un total de<strong> 700 perros y 400 gatos<\/strong>.\n<h2>Otras actividades en Famas Fest<\/h2>\nComo en la mayor\u00eda de los buenos festivales, en <strong>Famas Fest<\/strong> podr\u00e1s elegir qu\u00e9 hacer en todo momento entre un amplio programa de actividades:\n<ul style=\"margin-left: 25px;\">\n \t<li style=\"list-style-type: disc !important;\"><strong>M\u00fasica en directo<\/strong>.<\/li>\n \t<li style=\"list-style-type: disc !important;\">Actividades de <strong>animaci\u00f3n infantil<\/strong>.<\/li>\n \t<li style=\"list-style-type: disc !important;\"><strong>Zonas de restauraci\u00f3n<\/strong> para due\u00f1os y mascotas.<\/li>\n \t<li style=\"list-style-type: disc !important;\">\u00c1rea veterinaria.<\/li>\n \t<li style=\"list-style-type: disc !important;\">Village comercial con las<strong> \u00faltimas novedades para el cuidado de los animales<\/strong> de compa\u00f1\u00eda.<\/li>\n \t<li style=\"list-style-type: disc !important;\"><strong>Sorteos<\/strong>.<\/li>\n \t<li style=\"list-style-type: disc !important;\"><strong>Concursos<\/strong>.<\/li>\n<\/ul>\n<div class=\"row\" style=\"margin-bottom: 15px; background-color: #fafafa; padding: 10px;\">\n<div class=\"page-main-content col-md-12\">\n\nCon tantas cosas est\u00e1 claro que lo vamos a pasar de lujo. \u00a1Os esperamos en nuestro stand con todas las sorpresas que hemos preparado para ti y tu mejor amigo! Compra tu entrada en la p\u00e1gina de <a title=\"Fama Fest\" href=\"https:\/\/famasfest.es\/comprar-entradas\/\" target=\"_blank\" rel=\"noopener noreferrer\"><strong>Famas Fest<\/strong> <\/a>(ni\u00f1os hasta 12 a\u00f1os y mascotas tienen entrada gratuita).\n\n<\/div>\n<\/div>","protected":false},"excerpt":{"rendered":"<p>\u00a1Atenci\u00f3n a todos los valencianos porque est\u00e1is a punto de vivir un evento \u00fanico en Europa! En este post os contamos c\u00f3mo participaremos en el primer festival de familias con mascotas de Europa.<\/p>\n","protected":false},"author":40,"featured_media":7042,"comment_status":"open","ping_status":"open","sticky":false,"template":"","format":"standard","meta":{"_acf_changed":false,"footnotes":""},"categories":[1057],"tags":[1109,1444],"class_list":["post-10312","post","type-post","status-publish","format-standard","has-post-thumbnail","hentry","category-mundo-animal","tag-eventos","tag-eventos-y-aperturas"],"acf":[],"_links":{"self":[{"href":"https:\/\/www.kiwoko.com\/blogmundoanimal\/wp-json\/wp\/v2\/posts\/10312","targetHints":{"allow":["GET"]}}],"collection":[{"href":"https:\/\/www.kiwoko.com\/blogmundoanimal\/wp-json\/wp\/v2\/posts"}],"about":[{"href":"https:\/\/www.kiwoko.com\/blogmundoanimal\/wp-json\/wp\/v2\/types\/post"}],"author":[{"embeddable":true,"href":"https:\/\/www.kiwoko.com\/blogmundoanimal\/wp-json\/wp\/v2\/users\/40"}],"replies":[{"embeddable":true,"href":"https:\/\/www.kiwoko.com\/blogmundoanimal\/wp-json\/wp\/v2\/comments?post=10312"}],"version-history":[{"count":3,"href":"https:\/\/www.kiwoko.com\/blogmundoanimal\/wp-json\/wp\/v2\/posts\/10312\/revisions"}],"predecessor-version":[{"id":42283,"href":"https:\/\/www.kiwoko.com\/blogmundoanimal\/wp-json\/wp\/v2\/posts\/10312\/revisions\/42283"}],"wp:featuredmedia":[{"embeddable":true,"href":"https:\/\/www.kiwoko.com\/blogmundoanimal\/wp-json\/wp\/v2\/media\/7042"}],"wp:attachment":[{"href":"https:\/\/www.kiwoko.com\/blogmundoanimal\/wp-json\/wp\/v2\/media?parent=10312"}],"wp:term":[{"taxonomy":"category","embeddable":true,"href":"https:\/\/www.kiwoko.com\/blogmundoanimal\/wp-json\/wp\/v2\/categories?post=10312"},{"taxonomy":"post_tag","embeddable":true,"href":"https:\/\/www.kiwoko.com\/blogmundoanimal\/wp-json\/wp\/v2\/tags?post=10312"}],"curies":[{"name":"wp","href":"https:\/\/api.w.org\/{rel}","templated":true}]}}