{"id":43184,"date":"2023-10-19T08:00:00","date_gmt":"2023-10-19T06:00:00","guid":{"rendered":"https:\/\/www.kiwoko.com\/blogmundoanimal\/?p=43184"},"modified":"2024-12-13T10:17:00","modified_gmt":"2024-12-13T09:17:00","slug":"historias-que-dejan-huella-canelita-ana","status":"publish","type":"post","link":"https:\/\/www.kiwoko.com\/blogmundoanimal\/historias-que-dejan-huella-canelita-ana\/","title":{"rendered":"Historias que dejan huella: Canelita &#038; Ana"},"content":{"rendered":"<div id=\"ez-toc-container\" class=\"ez-toc-v2_0_82_2 counter-hierarchy ez-toc-counter ez-toc-grey ez-toc-container-direction\">\n<div class=\"ez-toc-title-container\">\n<p class=\"ez-toc-title\" style=\"cursor:inherit\">\u00cdndice<\/p>\n<span class=\"ez-toc-title-toggle\"><a href=\"#\" class=\"ez-toc-pull-right ez-toc-btn ez-toc-btn-xs ez-toc-btn-default ez-toc-toggle\" aria-label=\"Alternar tabla de contenidos\"><span class=\"ez-toc-js-icon-con\"><span class=\"\"><span class=\"eztoc-hide\" style=\"display:none;\">Toggle<\/span><span class=\"ez-toc-icon-toggle-span\"><svg style=\"fill: #999;color:#999\" xmlns=\"http:\/\/www.w3.org\/2000\/svg\" class=\"list-377408\" width=\"20px\" height=\"20px\" viewBox=\"0 0 24 24\" fill=\"none\"><path d=\"M6 6H4v2h2V6zm14 0H8v2h12V6zM4 11h2v2H4v-2zm16 0H8v2h12v-2zM4 16h2v2H4v-2zm16 0H8v2h12v-2z\" fill=\"currentColor\"><\/path><\/svg><svg style=\"fill: #999;color:#999\" class=\"arrow-unsorted-368013\" xmlns=\"http:\/\/www.w3.org\/2000\/svg\" width=\"10px\" height=\"10px\" viewBox=\"0 0 24 24\" version=\"1.2\" baseProfile=\"tiny\"><path d=\"M18.2 9.3l-6.2-6.3-6.2 6.3c-.2.2-.3.4-.3.7s.1.5.3.7c.2.2.4.3.7.3h11c.3 0 .5-.1.7-.3.2-.2.3-.5.3-.7s-.1-.5-.3-.7zM5.8 14.7l6.2 6.3 6.2-6.3c.2-.2.3-.5.3-.7s-.1-.5-.3-.7c-.2-.2-.4-.3-.7-.3h-11c-.3 0-.5.1-.7.3-.2.2-.3.5-.3.7s.1.5.3.7z\"\/><\/svg><\/span><\/span><\/span><\/a><\/span><\/div>\n<nav><ul class='ez-toc-list ez-toc-list-level-1 ' ><li class='ez-toc-page-1 ez-toc-heading-level-2'><a class=\"ez-toc-link ez-toc-heading-1\" href=\"https:\/\/www.kiwoko.com\/blogmundoanimal\/historias-que-dejan-huella-canelita-ana\/#El_abandono_de_Canelita\" >El abandono de Canelita<\/a><\/li><li class='ez-toc-page-1 ez-toc-heading-level-2'><a class=\"ez-toc-link ez-toc-heading-2\" href=\"https:\/\/www.kiwoko.com\/blogmundoanimal\/historias-que-dejan-huella-canelita-ana\/#El_gran_trabajo_de_las_protectoras\" >El gran trabajo de las protectoras<\/a><\/li><li class='ez-toc-page-1 ez-toc-heading-level-2'><a class=\"ez-toc-link ez-toc-heading-3\" href=\"https:\/\/www.kiwoko.com\/blogmundoanimal\/historias-que-dejan-huella-canelita-ana\/#El_encuentro_con_Ana_Un_hogar_que_cambio_sus_vidas\" >El encuentro con Ana: Un hogar que cambi\u00f3 sus vidas<\/a><\/li><\/ul><\/nav><\/div>\n<!-- wp:paragraph -->\n<p>La historia que os contamos hoy es de esas <strong>historias que nunca deber\u00edan existir<\/strong> pero, que tristemente, seguimos viendo d\u00eda tras d\u00eda. <\/p>\n<!-- \/wp:paragraph -->\n\n<!-- wp:paragraph -->\n<p>En este caso, la protagonista es <strong>Canelita<\/strong>, una perrita de 14 a\u00f1os que sufri\u00f3 un cambio dr\u00e1stico en su vida al ser abandonada por quienes para ella eran \"su familia\". Pero en este caso, la historia tiene un final feliz. \u00a1Sigue leyendo!<\/p>\n<!-- \/wp:paragraph -->\n\n<!-- wp:heading -->\n<h2><span class=\"ez-toc-section\" id=\"El_abandono_de_Canelita\"><\/span>El abandono de Canelita<span class=\"ez-toc-section-end\"><\/span><\/h2>\n<!-- \/wp:heading -->\n\n<!-- wp:paragraph -->\n<p>En Enero de 2009, la vida de Canelita dio un giro inesperado. Despu\u00e9s de pasar toda su vida con sus queridos \"papis perrunos\", <strong>la dejaron en la protectora<\/strong> alegando que por ciertos motivos ya no pod\u00edan hacerse cargo de ella. A causa de esto, <strong>Canelita qued\u00f3 abandonada<\/strong>, y pas\u00f3 de ser parte de un hogar, a encontrarse en un refugio rodeada de extra\u00f1os y otros perritos.<\/p>\n<!-- \/wp:paragraph -->\n\n<!-- wp:heading -->\n<h2><span class=\"ez-toc-section\" id=\"El_gran_trabajo_de_las_protectoras\"><\/span>El gran trabajo de las protectoras<span class=\"ez-toc-section-end\"><\/span><\/h2>\n<!-- \/wp:heading -->\n\n<!-- wp:paragraph -->\n<p>A pesar de ser abandonada, <strong>Canelita<\/strong> tuvo la gran fortuna de ser acogida por la <strong>protectora \"M\u00edranos a los ojos\", colaboradora de Kiwoko.<\/strong> A pesar de ser una perrita t\u00edmida, <strong>Canelita <\/strong>fue tratada en el refugio con mucho amor y cuidado, como la reina que era. Sin embargo, ella segu\u00eda sin entender que hac\u00eda all\u00ed, y estaba muy triste y deprimida. <\/p>\n<!-- \/wp:paragraph -->\n\n<!-- wp:paragraph -->\n<p>La historia de <strong>Canelita <\/strong>lleg\u00f3 a los o\u00eddos de Raquel, responsable del equipo de adopciones, quien prometi\u00f3 a Teresa, presidenta de la protectora, que encontrar\u00edan un nuevo hogar para esta perrita. Este compromiso marc\u00f3 un punto de inflexi\u00f3n en la historia de Canelita, ya que conseguir\u00eda encontrar el amor y la estabilidad que tanto necesitaba. <\/p>\n<!-- \/wp:paragraph -->\n\n<!-- wp:columns -->\n<div class=\"wp-block-columns\"><!-- wp:column -->\n<div class=\"wp-block-column\"><!-- wp:image {\"align\":\"left\",\"id\":43187,\"sizeSlug\":\"large\",\"linkDestination\":\"none\"} -->\n<figure class=\"wp-block-image alignleft size-large\"><img decoding=\"async\" width=\"768\" height=\"1024\" data-src=\"https:\/\/www.kiwoko.com\/blogmundoanimal\/wp-content\/uploads\/2023\/10\/Anna-y-canelita-historias-que-dejan-huella-768x1024.jpeg\" alt=\"Canelita historia que deja huella\" class=\"wp-image-43187 lazyload\" data-srcset=\"https:\/\/www.kiwoko.com\/blogmundoanimal\/wp-content\/uploads\/2023\/10\/Anna-y-canelita-historias-que-dejan-huella-768x1024.jpeg 768w, https:\/\/www.kiwoko.com\/blogmundoanimal\/wp-content\/uploads\/2023\/10\/Anna-y-canelita-historias-que-dejan-huella-225x300.jpeg 225w, https:\/\/www.kiwoko.com\/blogmundoanimal\/wp-content\/uploads\/2023\/10\/Anna-y-canelita-historias-que-dejan-huella-1152x1536.jpeg 1152w, https:\/\/www.kiwoko.com\/blogmundoanimal\/wp-content\/uploads\/2023\/10\/Anna-y-canelita-historias-que-dejan-huella.jpeg 1200w\" data-sizes=\"(max-width: 768px) 100vw, 768px\" src=\"data:image\/svg+xml;base64,PHN2ZyB3aWR0aD0iMSIgaGVpZ2h0PSIxIiB4bWxucz0iaHR0cDovL3d3dy53My5vcmcvMjAwMC9zdmciPjwvc3ZnPg==\" style=\"--smush-placeholder-width: 768px; --smush-placeholder-aspect-ratio: 768\/1024;\" \/><\/figure>\n<!-- \/wp:image --><\/div>\n<!-- \/wp:column -->\n\n<!-- wp:column -->\n<div class=\"wp-block-column\"><!-- wp:image {\"align\":\"right\",\"id\":43188,\"width\":254,\"height\":450,\"sizeSlug\":\"large\",\"linkDestination\":\"none\"} -->\n<figure class=\"wp-block-image alignright size-large is-resized\"><img decoding=\"async\" data-src=\"https:\/\/www.kiwoko.com\/blogmundoanimal\/wp-content\/uploads\/2023\/10\/Historias-que-dejan-huella-Canelita-y-Anna-576x1024.jpeg\" alt=\"historias que dejan huella canelita y Ana\" class=\"wp-image-43188 lazyload\" width=\"254\" height=\"450\" src=\"data:image\/svg+xml;base64,PHN2ZyB3aWR0aD0iMSIgaGVpZ2h0PSIxIiB4bWxucz0iaHR0cDovL3d3dy53My5vcmcvMjAwMC9zdmciPjwvc3ZnPg==\" style=\"--smush-placeholder-width: 254px; --smush-placeholder-aspect-ratio: 254\/450;\" \/><\/figure>\n<!-- \/wp:image --><\/div>\n<!-- \/wp:column --><\/div>\n<!-- \/wp:columns -->\n\n<!-- wp:heading -->\n<h2><span class=\"ez-toc-section\" id=\"El_encuentro_con_Ana_Un_hogar_que_cambio_sus_vidas\"><\/span>El encuentro con Ana: Un hogar que cambi\u00f3 sus vidas<span class=\"ez-toc-section-end\"><\/span><\/h2>\n<!-- \/wp:heading -->\n\n<!-- wp:paragraph -->\n<p>En mayo de 2023, Raquel comparti\u00f3 la conmovedora historia de <strong>Canelita <\/strong>en varios grupos de trabajo. Fue en uno de estos grupos donde <strong>Ana<\/strong>, una compa\u00f1era que ya hab\u00eda adoptado en Kiwoko, se enamor\u00f3 completamente de <strong>Canelita<\/strong>, y sin dudarlo ni un segundo, <strong>decidi\u00f3 adoptarla<\/strong>. <\/p>\n<!-- \/wp:paragraph -->\n\n<!-- wp:paragraph -->\n<p>En palabras de <strong>Ana<\/strong>: <\/p>\n<!-- \/wp:paragraph -->\n\n<!-- wp:quote -->\n<blockquote class=\"wp-block-quote\"><!-- wp:paragraph -->\n<p><em>\u201cMi compa\u00f1era Raquel mand\u00f3 en&nbsp;un grupo de trabajo la triste y&nbsp;conmovedora historia de Canelita.&nbsp;Fue ver la triste expresi\u00f3n de sus ojos&nbsp;y no pude resistirme,&nbsp;<strong>jam\u00e1s podr\u00eda&nbsp;entender c\u00f3mo se puede llegar a&nbsp;abandonar a ning\u00fan animal y&nbsp;especialmente a un animal que&nbsp;lleva 14 a\u00f1os a tu lado\u201d<\/strong><\/em>\u200b<\/p>\n<!-- \/wp:paragraph --><\/blockquote>\n<!-- \/wp:quote -->\n\n<!-- wp:paragraph -->\n<p>Adem\u00e1s de tener a <strong>Canelita<\/strong>, <strong>Ana <\/strong>tambi\u00e9n tiene una perrita de 4 meses que se llama Tula, y un gatito de 10 meses que fue rescatado por su hijo. <\/p>\n<!-- \/wp:paragraph -->\n\n<!-- wp:paragraph -->\n<p><strong>Canelita se ha adaptado muy bien<\/strong> a su nuevo hogar, y est\u00e1 feliz de tener una familia que la quiere y jam\u00e1s la abandonar\u00e1. Ana y su familia lo tienen muy claro: Su prop\u00f3sito es darle muchos cuidados y mucho amor.<\/p>\n<!-- \/wp:paragraph -->\n\n<!-- wp:columns -->\n<div class=\"wp-block-columns\"><!-- wp:column -->\n<div class=\"wp-block-column\"><!-- wp:image {\"align\":\"left\",\"id\":43189,\"sizeSlug\":\"large\",\"linkDestination\":\"none\"} -->\n<figure class=\"wp-block-image alignleft size-large\"><img decoding=\"async\" width=\"768\" height=\"1024\" data-src=\"https:\/\/www.kiwoko.com\/blogmundoanimal\/wp-content\/uploads\/2023\/10\/Canelita-y-Anna-historias-que-dejan-huella-768x1024.jpg\" alt=\"Historias que dejan huella Canelita y Ana\" class=\"wp-image-43189 lazyload\" data-srcset=\"https:\/\/www.kiwoko.com\/blogmundoanimal\/wp-content\/uploads\/2023\/10\/Canelita-y-Anna-historias-que-dejan-huella-768x1024.jpg 768w, https:\/\/www.kiwoko.com\/blogmundoanimal\/wp-content\/uploads\/2023\/10\/Canelita-y-Anna-historias-que-dejan-huella-225x300.jpg 225w, https:\/\/www.kiwoko.com\/blogmundoanimal\/wp-content\/uploads\/2023\/10\/Canelita-y-Anna-historias-que-dejan-huella-1152x1536.jpg 1152w, https:\/\/www.kiwoko.com\/blogmundoanimal\/wp-content\/uploads\/2023\/10\/Canelita-y-Anna-historias-que-dejan-huella.jpg 1200w\" data-sizes=\"(max-width: 768px) 100vw, 768px\" src=\"data:image\/svg+xml;base64,PHN2ZyB3aWR0aD0iMSIgaGVpZ2h0PSIxIiB4bWxucz0iaHR0cDovL3d3dy53My5vcmcvMjAwMC9zdmciPjwvc3ZnPg==\" style=\"--smush-placeholder-width: 768px; --smush-placeholder-aspect-ratio: 768\/1024;\" \/><\/figure>\n<!-- \/wp:image --><\/div>\n<!-- \/wp:column -->\n\n<!-- wp:column -->\n<div class=\"wp-block-column\"><!-- wp:image {\"align\":\"right\",\"id\":43190,\"sizeSlug\":\"full\",\"linkDestination\":\"none\"} -->\n<figure class=\"wp-block-image alignright size-full\"><img decoding=\"async\" width=\"768\" height=\"1024\" data-src=\"https:\/\/www.kiwoko.com\/blogmundoanimal\/wp-content\/uploads\/2023\/10\/historias-que-dejan-huella-ana-y-canelita.jpg\" alt=\"Canelita y Ana historias que dejan huella\" class=\"wp-image-43190 lazyload\" data-srcset=\"https:\/\/www.kiwoko.com\/blogmundoanimal\/wp-content\/uploads\/2023\/10\/historias-que-dejan-huella-ana-y-canelita.jpg 768w, https:\/\/www.kiwoko.com\/blogmundoanimal\/wp-content\/uploads\/2023\/10\/historias-que-dejan-huella-ana-y-canelita-225x300.jpg 225w\" data-sizes=\"(max-width: 768px) 100vw, 768px\" src=\"data:image\/svg+xml;base64,PHN2ZyB3aWR0aD0iMSIgaGVpZ2h0PSIxIiB4bWxucz0iaHR0cDovL3d3dy53My5vcmcvMjAwMC9zdmciPjwvc3ZnPg==\" style=\"--smush-placeholder-width: 768px; --smush-placeholder-aspect-ratio: 768\/1024;\" \/><\/figure>\n<!-- \/wp:image --><\/div>\n<!-- \/wp:column --><\/div>\n<!-- \/wp:columns -->\n\n<!-- wp:paragraph -->\n<p>Adem\u00e1s,<strong> Canelita se ha convertido en un miembro m\u00e1s de la oficina<\/strong>, ya que Ana se la lleva todos los d\u00edas.<\/p>\n<!-- \/wp:paragraph -->\n\n<!-- wp:paragraph -->\n<p>En resumen, <strong>la historia de Canelita<\/strong> es un recordatorio de la importancia de la <strong>adopci\u00f3n responsable de animales<\/strong>, y nos muestra como, en situaciones dif\u00edciles, el amor y el compromiso pueden cambiar vidas, tanto a nosotros como a los animales. Canelita encontr\u00f3 su final feliz, y su historia nos inspira a cuidar y dar todo nuestro cari\u00f1o a nuestros fieles compa\u00f1eros de 4 patas.<\/p>\n<!-- \/wp:paragraph -->\n\n<!-- wp:paragraph {\"style\":{\"color\":{\"background\":\"#f0f0f0\"}}} -->\n<p class=\"has-background\" style=\"background-color:#f0f0f0\">En <strong><a href=\"https:\/\/www.kiwoko.com\/\">Kiwoko<\/a> <\/strong>unimos fuerzas con asociaciones y protectoras para fomentar la adopci\u00f3n y acabar con el abandono. Si quieres beneficiarte de la mejor compa\u00f1\u00eda y hacer crecer la familia, p\u00e1sate por nuestra plataforma <strong><a href=\"https:\/\/www.kiwoko.com\/servicios\/kiwokoadopta\/\" target=\"_blank\" rel=\"noopener\" title=\"\">Kiwoko Adopta<\/a><\/strong> \u00a1Y no te pierdas antes nuestro post \"<strong><a href=\"https:\/\/www.kiwoko.com\/blogmundoanimal\/requisitos-a-tener-en-cuenta-antes-de-adoptar-un-animal\/\" title=\"Todo lo que debes de saber antes de adoptar\">Todo lo que debes de saber antes de adoptar<\/a><\/strong>! <\/p>\n<!-- \/wp:paragraph -->","protected":false},"excerpt":{"rendered":"<p>La historia que os contamos hoy es de esas historias que nunca deber\u00edan existir pero, que tristemente, seguimos viendo d\u00eda tras d\u00eda. En este caso, la protagonista es Canelita, una perrita de 14 a\u00f1os que sufri\u00f3 un cambio dr\u00e1stico en su vida al ser abandonada por quienes para ella eran \u00absu familia\u00bb. Pero en este [&hellip;]<\/p>\n","protected":false},"author":40,"featured_media":43195,"comment_status":"closed","ping_status":"closed","sticky":false,"template":"","format":"standard","meta":{"_acf_changed":false,"footnotes":""},"categories":[1057],"tags":[1178,1296],"class_list":["post-43184","post","type-post","status-publish","format-standard","has-post-thumbnail","hentry","category-mundo-animal","tag-adopciones","tag-historias-de-adopcion"],"acf":[],"_links":{"self":[{"href":"https:\/\/www.kiwoko.com\/blogmundoanimal\/wp-json\/wp\/v2\/posts\/43184","targetHints":{"allow":["GET"]}}],"collection":[{"href":"https:\/\/www.kiwoko.com\/blogmundoanimal\/wp-json\/wp\/v2\/posts"}],"about":[{"href":"https:\/\/www.kiwoko.com\/blogmundoanimal\/wp-json\/wp\/v2\/types\/post"}],"author":[{"embeddable":true,"href":"https:\/\/www.kiwoko.com\/blogmundoanimal\/wp-json\/wp\/v2\/users\/40"}],"replies":[{"embeddable":true,"href":"https:\/\/www.kiwoko.com\/blogmundoanimal\/wp-json\/wp\/v2\/comments?post=43184"}],"version-history":[{"count":9,"href":"https:\/\/www.kiwoko.com\/blogmundoanimal\/wp-json\/wp\/v2\/posts\/43184\/revisions"}],"predecessor-version":[{"id":49667,"href":"https:\/\/www.kiwoko.com\/blogmundoanimal\/wp-json\/wp\/v2\/posts\/43184\/revisions\/49667"}],"wp:featuredmedia":[{"embeddable":true,"href":"https:\/\/www.kiwoko.com\/blogmundoanimal\/wp-json\/wp\/v2\/media\/43195"}],"wp:attachment":[{"href":"https:\/\/www.kiwoko.com\/blogmundoanimal\/wp-json\/wp\/v2\/media?parent=43184"}],"wp:term":[{"taxonomy":"category","embeddable":true,"href":"https:\/\/www.kiwoko.com\/blogmundoanimal\/wp-json\/wp\/v2\/categories?post=43184"},{"taxonomy":"post_tag","embeddable":true,"href":"https:\/\/www.kiwoko.com\/blogmundoanimal\/wp-json\/wp\/v2\/tags?post=43184"}],"curies":[{"name":"wp","href":"https:\/\/api.w.org\/{rel}","templated":true}]}}